{"id":11343,"date":"2025-05-19T13:33:47","date_gmt":"2025-05-19T13:33:47","guid":{"rendered":"https:\/\/outdoortarrago.com\/17-de-mayo-dia-mundial-del-reciclaje-nuestro-compromiso-con-el-planeta\/"},"modified":"2025-09-02T12:55:28","modified_gmt":"2025-09-02T12:55:28","slug":"17-de-mayo-dia-mundial-del-reciclaje-nuestro-compromiso-con-el-planeta","status":"publish","type":"post","link":"https:\/\/outdoortarrago.com\/es\/17-de-mayo-dia-mundial-del-reciclaje-nuestro-compromiso-con-el-planeta\/","title":{"rendered":"17 de mayo \u2013 D\u00eda Mundial del Reciclaje: Nuestro compromiso con el planeta"},"content":{"rendered":"\n<p>Cada a\u00f1o, el 17 de mayo celebramos el D\u00eda Mundial del Reciclaje, una fecha establecida por la UNESCO en 2005 para concienciar sobre la importancia de reducir, reutilizar y reciclar los residuos. En Tarrago, este d\u00eda refuerza nuestro compromiso diario con el cuidado del medio ambiente. <\/p>\n\n\n\n<h2 class=\"wp-block-heading\"><strong>Nuestro compromiso con el reciclaje<\/strong><\/h2>\n\n\n\n<p>Reconocemos la importancia de los envases sostenibles. Por eso utilizamos materiales reciclables y buscamos eliminar los pl\u00e1sticos de un solo uso de nuestra l\u00ednea de productos. Nuestros dise\u00f1os de envases no solo son funcionales, sino tambi\u00e9n respetuosos con el medio ambiente, reflejando nuestra dedicaci\u00f3n a reducir los residuos pl\u00e1sticos.<br>Trabajamos continuamente en el desarrollo de envases sostenibles para nuestros productos. Nuestros envases est\u00e1n hechos de pl\u00e1stico 100% reciclado y cart\u00f3n certificado FSC, promoviendo una gesti\u00f3n forestal sostenible que sea econ\u00f3micamente viable, socialmente beneficiosa y ambientalmente responsable.     Al elegir pl\u00e1stico reciclado y cart\u00f3n certificado FSC para nuestros envases, no solo mantenemos nuestro compromiso con la sostenibilidad, sino que tambi\u00e9n promovemos una econom\u00eda circular. Este enfoque nos permite reducir el consumo de materiales v\u00edrgenes y disminuir el impacto ambiental general de nuestros productos. Nuestro objetivo es asegurar que cada aspecto del ciclo de vida de nuestros productos est\u00e9 alineado con nuestros valores de responsabilidad ambiental y conservaci\u00f3n.<\/p>\n\n\n\n<figure class=\"wp-block-image size-large\"><img fetchpriority=\"high\" decoding=\"async\" width=\"1024\" height=\"576\" src=\"https:\/\/outdoortarrago.com\/wp-content\/uploads\/2025\/05\/Dia-mundial-del-reciclaje-1920-x-1080-px-ES-1024x576.png\" alt=\"\" class=\"wp-image-11345\" srcset=\"https:\/\/outdoortarrago.com\/wp-content\/uploads\/2025\/05\/Dia-mundial-del-reciclaje-1920-x-1080-px-ES-1024x576.png 1024w, https:\/\/outdoortarrago.com\/wp-content\/uploads\/2025\/05\/Dia-mundial-del-reciclaje-1920-x-1080-px-ES-300x169.png 300w, https:\/\/outdoortarrago.com\/wp-content\/uploads\/2025\/05\/Dia-mundial-del-reciclaje-1920-x-1080-px-ES-768x432.png 768w, https:\/\/outdoortarrago.com\/wp-content\/uploads\/2025\/05\/Dia-mundial-del-reciclaje-1920-x-1080-px-ES-1536x864.png 1536w, https:\/\/outdoortarrago.com\/wp-content\/uploads\/2025\/05\/Dia-mundial-del-reciclaje-1920-x-1080-px-ES.png 1920w\" sizes=\"(max-width: 1024px) 100vw, 1024px\" \/><\/figure>\n\n\n\n<p><\/p>\n\n\n\n<h2 class=\"wp-block-heading\"><strong>Nuestra filosof\u00eda: cuidar tu equipo y el planeta<\/strong><\/h2>\n\n\n\n<p>En Tarrago Outdoor Care, creemos que cuidar tu equipo para actividades al aire libre debe ir de la mano con el respeto por la naturaleza. Por eso hemos desarrollado productos de cuidado de alta calidad que no solo prolongan la vida \u00fatil de tu equipo, sino que tambi\u00e9n reducen el impacto ambiental. <\/p>\n\n\n\n<p>Una parte esencial de nuestra filosof\u00eda es medir y comprender nuestro impacto ambiental, asumiendo plenamente la responsabilidad. Desde las emisiones de CO2 hasta los ingredientes de nuestros productos, analizamos todo para mejorar y contribuir a un futuro mejor. Nos esforzamos por mantener nuestros principios y ser un modelo a seguir para otras empresas del sector.  <\/p>\n\n\n\n<p>Outdoor Care fue creado para introducir una nueva forma de entender la limpieza, el cuidado y el mantenimiento de la ropa deportiva. Nuestro equipo est\u00e1 impulsado por un prop\u00f3sito y una pasi\u00f3n comunes: desarrollar f\u00f3rmulas sostenibles en nuestro propio laboratorio que contribuyan a un mundo mejor. Innovamos creando productos que promuevan un estilo de vida m\u00e1s responsable y un futuro m\u00e1s prometedor.  <\/p>\n\n\n\n<p>Nuestro compromiso con la sostenibilidad se extiende a todos los aspectos de nuestras operaciones. Priorizamos el uso de ingredientes ecol\u00f3gicos en nuestras formulaciones, asegurando que nuestros productos sean seguros tanto para el usuario como para el medio ambiente. Investigamos e implementamos continuamente las \u00faltimas tecnolog\u00edas ecol\u00f3gicas para minimizar nuestra huella de carbono y reducir los residuos.  <\/p>\n","protected":false},"excerpt":{"rendered":"<p>Cada a\u00f1o, el 17 de mayo celebramos el D\u00eda Mundial del Reciclaje, una fecha establecida por la UNESCO en 2005 para concienciar sobre la importancia de reducir, reutilizar y reciclar los residuos. En Tarrago, este d\u00eda refuerza nuestro compromiso diario con el cuidado del medio ambiente. Nuestro compromiso con el reciclaje Reconocemos la importancia de [&hellip;]<\/p>\n","protected":false},"author":3,"featured_media":11331,"comment_status":"closed","ping_status":"open","sticky":false,"template":"","format":"standard","meta":{"_acf_changed":false,"footnotes":""},"categories":[416],"tags":[],"productcategory":[],"class_list":["post-11343","post","type-post","status-publish","format-standard","has-post-thumbnail","hentry","category-blog-es"],"acf":[],"yoast_head":"<!-- This site is optimized with the Yoast SEO plugin v26.4 - https:\/\/yoast.com\/wordpress\/plugins\/seo\/ -->\n<title>17 de mayo \u2013 D\u00eda Mundial del Reciclaje: Nuestro compromiso con el planeta - Tarrago Outdoor Care<\/title>\n<meta name=\"description\" content=\"El 17 de mayo es el D\u00eda Mundial del Reciclaje. En Tarrago Outdoor Care queremos contribuir utilizando productos reciclados.\" \/>\n<meta name=\"robots\" content=\"index, follow, max-snippet:-1, max-image-preview:large, max-video-preview:-1\" \/>\n<link rel=\"canonical\" href=\"https:\/\/outdoortarrago.com\/es\/17-de-mayo-dia-mundial-del-reciclaje-nuestro-compromiso-con-el-planeta\/\" \/>\n<meta property=\"og:locale\" content=\"es_ES\" \/>\n<meta property=\"og:type\" content=\"article\" \/>\n<meta property=\"og:title\" content=\"17 de mayo \u2013 D\u00eda Mundial del Reciclaje: Nuestro compromiso con el planeta - Tarrago Outdoor Care\" \/>\n<meta property=\"og:description\" content=\"El 17 de mayo es el D\u00eda Mundial del Reciclaje. En Tarrago Outdoor Care queremos contribuir utilizando productos reciclados.\" \/>\n<meta property=\"og:url\" content=\"https:\/\/outdoortarrago.com\/es\/17-de-mayo-dia-mundial-del-reciclaje-nuestro-compromiso-con-el-planeta\/\" \/>\n<meta property=\"og:site_name\" content=\"Tarrago Outdoor Care\" \/>\n<meta property=\"article:published_time\" content=\"2025-05-19T13:33:47+00:00\" \/>\n<meta property=\"article:modified_time\" content=\"2025-09-02T12:55:28+00:00\" \/>\n<meta property=\"og:image\" content=\"https:\/\/outdoortarrago.com\/wp-content\/uploads\/2025\/05\/World-Recycling-Day-Tarrago.png\" \/>\n\t<meta property=\"og:image:width\" content=\"1080\" \/>\n\t<meta property=\"og:image:height\" content=\"1350\" \/>\n\t<meta property=\"og:image:type\" content=\"image\/png\" \/>\n<meta name=\"author\" content=\"Digital\" \/>\n<meta name=\"twitter:card\" content=\"summary_large_image\" \/>\n<meta name=\"twitter:label1\" content=\"Escrito por\" \/>\n\t<meta name=\"twitter:data1\" content=\"Digital\" \/>\n\t<meta name=\"twitter:label2\" content=\"Tiempo de lectura\" \/>\n\t<meta name=\"twitter:data2\" content=\"3 minutos\" \/>\n<script type=\"application\/ld+json\" class=\"yoast-schema-graph\">{\"@context\":\"https:\/\/schema.org\",\"@graph\":[{\"@type\":\"Article\",\"@id\":\"https:\/\/outdoortarrago.com\/es\/17-de-mayo-dia-mundial-del-reciclaje-nuestro-compromiso-con-el-planeta\/#article\",\"isPartOf\":{\"@id\":\"https:\/\/outdoortarrago.com\/es\/17-de-mayo-dia-mundial-del-reciclaje-nuestro-compromiso-con-el-planeta\/\"},\"author\":{\"name\":\"Digital\",\"@id\":\"https:\/\/outdoortarrago.com\/es\/#\/schema\/person\/9f03fe97b9904bf9b010cd1e7b1baa08\"},\"headline\":\"17 de mayo \u2013 D\u00eda Mundial del Reciclaje: Nuestro compromiso con el planeta\",\"datePublished\":\"2025-05-19T13:33:47+00:00\",\"dateModified\":\"2025-09-02T12:55:28+00:00\",\"mainEntityOfPage\":{\"@id\":\"https:\/\/outdoortarrago.com\/es\/17-de-mayo-dia-mundial-del-reciclaje-nuestro-compromiso-con-el-planeta\/\"},\"wordCount\":479,\"publisher\":{\"@id\":\"https:\/\/outdoortarrago.com\/es\/#organization\"},\"image\":{\"@id\":\"https:\/\/outdoortarrago.com\/es\/17-de-mayo-dia-mundial-del-reciclaje-nuestro-compromiso-con-el-planeta\/#primaryimage\"},\"thumbnailUrl\":\"https:\/\/outdoortarrago.com\/wp-content\/uploads\/2025\/05\/World-Recycling-Day-Tarrago.png\",\"articleSection\":[\"Blog\"],\"inLanguage\":\"es\"},{\"@type\":\"WebPage\",\"@id\":\"https:\/\/outdoortarrago.com\/es\/17-de-mayo-dia-mundial-del-reciclaje-nuestro-compromiso-con-el-planeta\/\",\"url\":\"https:\/\/outdoortarrago.com\/es\/17-de-mayo-dia-mundial-del-reciclaje-nuestro-compromiso-con-el-planeta\/\",\"name\":\"17 de mayo \u2013 D\u00eda Mundial del Reciclaje: Nuestro compromiso con el planeta - Tarrago Outdoor Care\",\"isPartOf\":{\"@id\":\"https:\/\/outdoortarrago.com\/es\/#website\"},\"primaryImageOfPage\":{\"@id\":\"https:\/\/outdoortarrago.com\/es\/17-de-mayo-dia-mundial-del-reciclaje-nuestro-compromiso-con-el-planeta\/#primaryimage\"},\"image\":{\"@id\":\"https:\/\/outdoortarrago.com\/es\/17-de-mayo-dia-mundial-del-reciclaje-nuestro-compromiso-con-el-planeta\/#primaryimage\"},\"thumbnailUrl\":\"https:\/\/outdoortarrago.com\/wp-content\/uploads\/2025\/05\/World-Recycling-Day-Tarrago.png\",\"datePublished\":\"2025-05-19T13:33:47+00:00\",\"dateModified\":\"2025-09-02T12:55:28+00:00\",\"description\":\"El 17 de mayo es el D\u00eda Mundial del Reciclaje. En Tarrago Outdoor Care queremos contribuir utilizando productos reciclados.\",\"breadcrumb\":{\"@id\":\"https:\/\/outdoortarrago.com\/es\/17-de-mayo-dia-mundial-del-reciclaje-nuestro-compromiso-con-el-planeta\/#breadcrumb\"},\"inLanguage\":\"es\",\"potentialAction\":[{\"@type\":\"ReadAction\",\"target\":[\"https:\/\/outdoortarrago.com\/es\/17-de-mayo-dia-mundial-del-reciclaje-nuestro-compromiso-con-el-planeta\/\"]}]},{\"@type\":\"ImageObject\",\"inLanguage\":\"es\",\"@id\":\"https:\/\/outdoortarrago.com\/es\/17-de-mayo-dia-mundial-del-reciclaje-nuestro-compromiso-con-el-planeta\/#primaryimage\",\"url\":\"https:\/\/outdoortarrago.com\/wp-content\/uploads\/2025\/05\/World-Recycling-Day-Tarrago.png\",\"contentUrl\":\"https:\/\/outdoortarrago.com\/wp-content\/uploads\/2025\/05\/World-Recycling-Day-Tarrago.png\",\"width\":1080,\"height\":1350,\"caption\":\"Tarrago Recycling Commitment\"},{\"@type\":\"BreadcrumbList\",\"@id\":\"https:\/\/outdoortarrago.com\/es\/17-de-mayo-dia-mundial-del-reciclaje-nuestro-compromiso-con-el-planeta\/#breadcrumb\",\"itemListElement\":[{\"@type\":\"ListItem\",\"position\":1,\"name\":\"Home\",\"item\":\"https:\/\/outdoortarrago.com\/es\/\"},{\"@type\":\"ListItem\",\"position\":2,\"name\":\"17 de mayo \u2013 D\u00eda Mundial del Reciclaje: Nuestro compromiso con el planeta\"}]},{\"@type\":\"WebSite\",\"@id\":\"https:\/\/outdoortarrago.com\/es\/#website\",\"url\":\"https:\/\/outdoortarrago.com\/es\/\",\"name\":\"A NEW CONCEPT OF CARE\",\"description\":\"Un nuevo concepto de cuidado\",\"publisher\":{\"@id\":\"https:\/\/outdoortarrago.com\/es\/#organization\"},\"potentialAction\":[{\"@type\":\"SearchAction\",\"target\":{\"@type\":\"EntryPoint\",\"urlTemplate\":\"https:\/\/outdoortarrago.com\/es\/?s={search_term_string}\"},\"query-input\":{\"@type\":\"PropertyValueSpecification\",\"valueRequired\":true,\"valueName\":\"search_term_string\"}}],\"inLanguage\":\"es\"},{\"@type\":\"Organization\",\"@id\":\"https:\/\/outdoortarrago.com\/es\/#organization\",\"name\":\"A NEW CONCEPT OF CARE\",\"url\":\"https:\/\/outdoortarrago.com\/es\/\",\"logo\":{\"@type\":\"ImageObject\",\"inLanguage\":\"es\",\"@id\":\"https:\/\/outdoortarrago.com\/es\/#\/schema\/logo\/image\/\",\"url\":\"https:\/\/outdoortarrago.com\/wp-content\/uploads\/2024\/10\/logo.svg\",\"contentUrl\":\"https:\/\/outdoortarrago.com\/wp-content\/uploads\/2024\/10\/logo.svg\",\"width\":189,\"height\":134,\"caption\":\"A NEW CONCEPT OF CARE\"},\"image\":{\"@id\":\"https:\/\/outdoortarrago.com\/es\/#\/schema\/logo\/image\/\"}},{\"@type\":\"Person\",\"@id\":\"https:\/\/outdoortarrago.com\/es\/#\/schema\/person\/9f03fe97b9904bf9b010cd1e7b1baa08\",\"name\":\"Digital\",\"url\":\"https:\/\/outdoortarrago.com\/es\/author\/digital\/\"}]}<\/script>\n<!-- \/ Yoast SEO plugin. -->","yoast_head_json":{"title":"17 de mayo \u2013 D\u00eda Mundial del Reciclaje: Nuestro compromiso con el planeta - Tarrago Outdoor Care","description":"El 17 de mayo es el D\u00eda Mundial del Reciclaje. En Tarrago Outdoor Care queremos contribuir utilizando productos reciclados.","robots":{"index":"index","follow":"follow","max-snippet":"max-snippet:-1","max-image-preview":"max-image-preview:large","max-video-preview":"max-video-preview:-1"},"canonical":"https:\/\/outdoortarrago.com\/es\/17-de-mayo-dia-mundial-del-reciclaje-nuestro-compromiso-con-el-planeta\/","og_locale":"es_ES","og_type":"article","og_title":"17 de mayo \u2013 D\u00eda Mundial del Reciclaje: Nuestro compromiso con el planeta - Tarrago Outdoor Care","og_description":"El 17 de mayo es el D\u00eda Mundial del Reciclaje. En Tarrago Outdoor Care queremos contribuir utilizando productos reciclados.","og_url":"https:\/\/outdoortarrago.com\/es\/17-de-mayo-dia-mundial-del-reciclaje-nuestro-compromiso-con-el-planeta\/","og_site_name":"Tarrago Outdoor Care","article_published_time":"2025-05-19T13:33:47+00:00","article_modified_time":"2025-09-02T12:55:28+00:00","og_image":[{"width":1080,"height":1350,"url":"https:\/\/outdoortarrago.com\/wp-content\/uploads\/2025\/05\/World-Recycling-Day-Tarrago.png","type":"image\/png"}],"author":"Digital","twitter_card":"summary_large_image","twitter_misc":{"Escrito por":"Digital","Tiempo de lectura":"3 minutos"},"schema":{"@context":"https:\/\/schema.org","@graph":[{"@type":"Article","@id":"https:\/\/outdoortarrago.com\/es\/17-de-mayo-dia-mundial-del-reciclaje-nuestro-compromiso-con-el-planeta\/#article","isPartOf":{"@id":"https:\/\/outdoortarrago.com\/es\/17-de-mayo-dia-mundial-del-reciclaje-nuestro-compromiso-con-el-planeta\/"},"author":{"name":"Digital","@id":"https:\/\/outdoortarrago.com\/es\/#\/schema\/person\/9f03fe97b9904bf9b010cd1e7b1baa08"},"headline":"17 de mayo \u2013 D\u00eda Mundial del Reciclaje: Nuestro compromiso con el planeta","datePublished":"2025-05-19T13:33:47+00:00","dateModified":"2025-09-02T12:55:28+00:00","mainEntityOfPage":{"@id":"https:\/\/outdoortarrago.com\/es\/17-de-mayo-dia-mundial-del-reciclaje-nuestro-compromiso-con-el-planeta\/"},"wordCount":479,"publisher":{"@id":"https:\/\/outdoortarrago.com\/es\/#organization"},"image":{"@id":"https:\/\/outdoortarrago.com\/es\/17-de-mayo-dia-mundial-del-reciclaje-nuestro-compromiso-con-el-planeta\/#primaryimage"},"thumbnailUrl":"https:\/\/outdoortarrago.com\/wp-content\/uploads\/2025\/05\/World-Recycling-Day-Tarrago.png","articleSection":["Blog"],"inLanguage":"es"},{"@type":"WebPage","@id":"https:\/\/outdoortarrago.com\/es\/17-de-mayo-dia-mundial-del-reciclaje-nuestro-compromiso-con-el-planeta\/","url":"https:\/\/outdoortarrago.com\/es\/17-de-mayo-dia-mundial-del-reciclaje-nuestro-compromiso-con-el-planeta\/","name":"17 de mayo \u2013 D\u00eda Mundial del Reciclaje: Nuestro compromiso con el planeta - Tarrago Outdoor Care","isPartOf":{"@id":"https:\/\/outdoortarrago.com\/es\/#website"},"primaryImageOfPage":{"@id":"https:\/\/outdoortarrago.com\/es\/17-de-mayo-dia-mundial-del-reciclaje-nuestro-compromiso-con-el-planeta\/#primaryimage"},"image":{"@id":"https:\/\/outdoortarrago.com\/es\/17-de-mayo-dia-mundial-del-reciclaje-nuestro-compromiso-con-el-planeta\/#primaryimage"},"thumbnailUrl":"https:\/\/outdoortarrago.com\/wp-content\/uploads\/2025\/05\/World-Recycling-Day-Tarrago.png","datePublished":"2025-05-19T13:33:47+00:00","dateModified":"2025-09-02T12:55:28+00:00","description":"El 17 de mayo es el D\u00eda Mundial del Reciclaje. En Tarrago Outdoor Care queremos contribuir utilizando productos reciclados.","breadcrumb":{"@id":"https:\/\/outdoortarrago.com\/es\/17-de-mayo-dia-mundial-del-reciclaje-nuestro-compromiso-con-el-planeta\/#breadcrumb"},"inLanguage":"es","potentialAction":[{"@type":"ReadAction","target":["https:\/\/outdoortarrago.com\/es\/17-de-mayo-dia-mundial-del-reciclaje-nuestro-compromiso-con-el-planeta\/"]}]},{"@type":"ImageObject","inLanguage":"es","@id":"https:\/\/outdoortarrago.com\/es\/17-de-mayo-dia-mundial-del-reciclaje-nuestro-compromiso-con-el-planeta\/#primaryimage","url":"https:\/\/outdoortarrago.com\/wp-content\/uploads\/2025\/05\/World-Recycling-Day-Tarrago.png","contentUrl":"https:\/\/outdoortarrago.com\/wp-content\/uploads\/2025\/05\/World-Recycling-Day-Tarrago.png","width":1080,"height":1350,"caption":"Tarrago Recycling Commitment"},{"@type":"BreadcrumbList","@id":"https:\/\/outdoortarrago.com\/es\/17-de-mayo-dia-mundial-del-reciclaje-nuestro-compromiso-con-el-planeta\/#breadcrumb","itemListElement":[{"@type":"ListItem","position":1,"name":"Home","item":"https:\/\/outdoortarrago.com\/es\/"},{"@type":"ListItem","position":2,"name":"17 de mayo \u2013 D\u00eda Mundial del Reciclaje: Nuestro compromiso con el planeta"}]},{"@type":"WebSite","@id":"https:\/\/outdoortarrago.com\/es\/#website","url":"https:\/\/outdoortarrago.com\/es\/","name":"A NEW CONCEPT OF CARE","description":"Un nuevo concepto de cuidado","publisher":{"@id":"https:\/\/outdoortarrago.com\/es\/#organization"},"potentialAction":[{"@type":"SearchAction","target":{"@type":"EntryPoint","urlTemplate":"https:\/\/outdoortarrago.com\/es\/?s={search_term_string}"},"query-input":{"@type":"PropertyValueSpecification","valueRequired":true,"valueName":"search_term_string"}}],"inLanguage":"es"},{"@type":"Organization","@id":"https:\/\/outdoortarrago.com\/es\/#organization","name":"A NEW CONCEPT OF CARE","url":"https:\/\/outdoortarrago.com\/es\/","logo":{"@type":"ImageObject","inLanguage":"es","@id":"https:\/\/outdoortarrago.com\/es\/#\/schema\/logo\/image\/","url":"https:\/\/outdoortarrago.com\/wp-content\/uploads\/2024\/10\/logo.svg","contentUrl":"https:\/\/outdoortarrago.com\/wp-content\/uploads\/2024\/10\/logo.svg","width":189,"height":134,"caption":"A NEW CONCEPT OF CARE"},"image":{"@id":"https:\/\/outdoortarrago.com\/es\/#\/schema\/logo\/image\/"}},{"@type":"Person","@id":"https:\/\/outdoortarrago.com\/es\/#\/schema\/person\/9f03fe97b9904bf9b010cd1e7b1baa08","name":"Digital","url":"https:\/\/outdoortarrago.com\/es\/author\/digital\/"}]}},"_links":{"self":[{"href":"https:\/\/outdoortarrago.com\/es\/wp-json\/wp\/v2\/posts\/11343","targetHints":{"allow":["GET"]}}],"collection":[{"href":"https:\/\/outdoortarrago.com\/es\/wp-json\/wp\/v2\/posts"}],"about":[{"href":"https:\/\/outdoortarrago.com\/es\/wp-json\/wp\/v2\/types\/post"}],"author":[{"embeddable":true,"href":"https:\/\/outdoortarrago.com\/es\/wp-json\/wp\/v2\/users\/3"}],"replies":[{"embeddable":true,"href":"https:\/\/outdoortarrago.com\/es\/wp-json\/wp\/v2\/comments?post=11343"}],"version-history":[{"count":2,"href":"https:\/\/outdoortarrago.com\/es\/wp-json\/wp\/v2\/posts\/11343\/revisions"}],"predecessor-version":[{"id":11353,"href":"https:\/\/outdoortarrago.com\/es\/wp-json\/wp\/v2\/posts\/11343\/revisions\/11353"}],"wp:featuredmedia":[{"embeddable":true,"href":"https:\/\/outdoortarrago.com\/es\/wp-json\/wp\/v2\/media\/11331"}],"wp:attachment":[{"href":"https:\/\/outdoortarrago.com\/es\/wp-json\/wp\/v2\/media?parent=11343"}],"wp:term":[{"taxonomy":"category","embeddable":true,"href":"https:\/\/outdoortarrago.com\/es\/wp-json\/wp\/v2\/categories?post=11343"},{"taxonomy":"post_tag","embeddable":true,"href":"https:\/\/outdoortarrago.com\/es\/wp-json\/wp\/v2\/tags?post=11343"},{"taxonomy":"productcategory","embeddable":true,"href":"https:\/\/outdoortarrago.com\/es\/wp-json\/wp\/v2\/productcategory?post=11343"}],"curies":[{"name":"wp","href":"https:\/\/api.w.org\/{rel}","templated":true}]}}